{"id":2991,"date":"2025-01-13T07:59:23","date_gmt":"2025-01-13T06:59:23","guid":{"rendered":"https:\/\/www.sdhpredin.com\/cz\/?p=2991"},"modified":"2025-01-13T07:59:24","modified_gmt":"2025-01-13T06:59:24","slug":"vyrocni-valna-hromada-sdh-predin-3","status":"publish","type":"post","link":"https:\/\/www.sdhpredin.com\/cz\/2025\/01\/13\/vyrocni-valna-hromada-sdh-predin-3\/","title":{"rendered":"V\u00fdro\u010dn\u00ed valn\u00e1 hromada SDH P\u0159ed\u00edn"},"content":{"rendered":"\n<p>Dne 4.1.2025 od 19:00 hodin v\u00a0p\u0159\u00eds\u00e1l\u00ed KD P\u0159ed\u00edn prob\u011bhla v\u00fdro\u010dn\u00ed valn\u00e1 hromada SDH P\u0159ed\u00edn.<\/p>\n<p>VVH m\u011bla sice tradi\u010dn\u00ed program, jako je zpr\u00e1va starosty o \u010dinnosti sboru za uplynul\u00fd rok, zpr\u00e1va velitele, hospod\u00e1\u0159e, ale zab\u00fdvala se tak\u00e9 velice d\u016fle\u017eit\u00fdmi a aktu\u00e1ln\u00edmi informacemi a probl\u00e9my, kter\u00e9 je t\u0159eba \u0159e\u0161it.<\/p>\n\n\n\n<!--more-->\n\n\n\n<p>Starosta sboru na \u00favod p\u0159iv\u00edtal v\u0161echny p\u0159\u00edtomn\u00e9 v\u010detn\u011b host\u016f. Informoval o p\u0159ijet\u00ed nov\u00fdch, mlad\u00fdch \u010dlen\u016f sboru a p\u0159iv\u00edtal je ve Sboru. Sou\u010dasn\u011b se symbolicky minutou ticha rozlou\u010dil se \u010dleny Sboru, kte\u0159\u00ed se t\u00e9to VVH nedo\u017eili.<\/p>\n<p>Starosta vyzdvihl pr\u00e1ci v\u0161ech aktivn\u00edch \u010dlen\u016f sboru v lo\u0148sk\u00e9m roce. Zm\u00ednil, \u017ee Sbor v lo\u0148sk\u00e9m roce uspo\u0159\u00e1dal n\u011bkolik akc\u00ed (ples a tane\u010dn\u00edch z\u00e1bav), na kter\u00fdch se poda\u0159ilo vyd\u011blat dost pen\u011bz, kter\u00e9 bychom r\u00e1di investovali do vybaven\u00ed \u010d\u00e1sti zrekonstruovan\u00e9 hasi\u010dsk\u00e9 zbrojnice ur\u010den\u00e9 pro \u010dinnost sboru. Prim\u00e1rn\u011b se jedn\u00e1 o vybaven\u00ed kuchy\u0148ky, r\u016fzn\u00e9 police na poh\u00e1ry, reg\u00e1ly na uspo\u0159\u00e1d\u00e1n\u00ed v\u011bc\u00ed a materi\u00e1lu apod. Starosta pod\u011bkoval konkr\u00e9tn\u011b Vlastovi Honsovi a Jirkovi Ozor\u00e1kovi za usilovnou pr\u00e1ci s ml\u00e1de\u017e\u00ed, Iv\u011b Ozor\u00e1kov\u00e9 za zaji\u0161t\u011bn\u00ed ob\u010derstven\u00ed pro okresn\u00ed shrom\u00e1\u017ed\u011bn\u00ed starost\u016f SDH a tak\u00e9 za zaji\u0161t\u011bn\u00ed ve\u0161ker\u00e9ho stravov\u00e1n\u00ed na letn\u00edm t\u00e1bo\u0159e mlad\u00fdch hasi\u010d\u016f v Heraltic\u00edch. Za uspo\u0159\u00e1d\u00e1n\u00ed tohoto t\u00e1bora, co\u017e je velice n\u00e1ro\u010dn\u00fd \u00fakol, pat\u0159\u00ed pod\u011bkov\u00e1n\u00ed v\u0161em, kte\u0159\u00ed se na zaji\u0161t\u011bn\u00ed t\u00e9to akce pod\u00edleli.<\/p>\n<p>Starosta sboru ve sv\u00e9 zpr\u00e1v\u011b nast\u00ednil n\u011bkolik aktu\u00e1ln\u00edch probl\u00e9m\u016f, kter\u00e9 byly v\u00a0r\u00e1mci diskuse projedn\u00e1ny.<\/p>\n<p>Prvn\u00edm d\u016fle\u017eit\u00fdm t\u00e9matem bylo projedn\u00e1n\u00ed nov\u011b zaveden\u00e9 povinnosti platit 200,- K\u010d p\u0159\u00edsp\u011bvku za ka\u017ed\u00e9ho registrovan\u00e9ho sportovce, co\u017e je po\u017eadavek N\u00e1rodn\u00ed sportovn\u00ed agentury. Valn\u00e1 hromada rozhodla, \u017ee registrovan\u00fdmi sportovci bude Sbor m\u00edt pouze aktivn\u00ed mlad\u00e9 hasi\u010de a ur\u010den\u00fd p\u0159\u00edsp\u011bvek bude za tyto registrovan\u00e9 sportovce hrazen z\u00a0prost\u0159edk\u016f Sboru, a to v\u010detn\u011b mlad\u00fdch hasi\u010d\u016f z\u00a0Lesn\u00e9, kte\u0159\u00ed sportuj\u00ed za SDH P\u0159ed\u00edn. V\u00fd\u0161e \u010dlensk\u00e9ho p\u0159\u00edsp\u011bvku pro SDH P\u0159ed\u00edn z\u016fst\u00e1v\u00e1 od minul\u00e9ho roku stejn\u00e1 a je tedy 400,- K\u010d.\u00a0 Uhradit \u010dlensk\u00e9 p\u0159\u00edsp\u011bvky je povinnost\u00ed ka\u017ed\u00e9ho \u010dlena Sboru.<\/p>\n<p>Dal\u0161\u00edm d\u016fle\u017eit\u00fdm bodem bylo \u0159e\u0161en\u00ed rekonstrukce hasi\u010dsk\u00e9 zbrojnice. Starosta obce a velitel informovali o aktu\u00e1ln\u00edm stavu s\u00a0t\u00edm, \u017ee rekonstrukce by m\u011bla b\u00fdt dle pl\u00e1nu skon\u010dena do 31.3.2025.<\/p>\n<p>Velitel Sboru ve sv\u00e9 zpr\u00e1v\u011b zm\u00ednil um\u00edst\u011bn\u00ed jednotliv\u00fdch dru\u017estev mlad\u00fdch hasi\u010d\u016f v\u00a0t\u0159eb\u00ed\u010dsk\u00e9 okresn\u00ed lize, kde se star\u0161\u00ed hasi\u010di um\u00edstili na 5. m\u00edst\u011b a mlad\u0161\u00ed hasi\u010di na 7. m\u00edst\u011b. D\u00e1le zm\u00ednil um\u00edst\u011bn\u00ed na\u0161eho dru\u017estva v sout\u011b\u017ei hasi\u010dsk\u00e9 v\u0161estrannosti a brannosti, kde kolektiv star\u0161\u00edch d\u011bt\u00ed vyhr\u00e1l krajskou sout\u011b\u017e a na mistrovstv\u00ed \u010cR se um\u00edstil na kr\u00e1sn\u00e9m\u00a0 19. m\u00edst\u011b z\u00a030 dru\u017estev. Rovn\u011b\u017e poreferoval o p\u0159\u00edprav\u00e1ch mlad\u00fdch hasi\u010d\u016f na sout\u011b\u017ee v\u00a0leto\u0161n\u00edm roce.<\/p>\n<p>D\u00e1le velitel informoval o pot\u0159eb\u011b \u00fa\u010dasti dru\u017estev SDH P\u0159ed\u00edn na okrskov\u00e9 sout\u011b\u017ei v\u00a0po\u017e\u00e1rn\u00edm sportu, kter\u00e1 se bude konat letos v Opatov\u011b, zaji\u0161t\u011bn\u00ed organizace sout\u011b\u017ee okresn\u00ed ligy mlad\u00fdch hasi\u010d\u016f v\u00a0po\u017e\u00e1rn\u00edm sportu, kter\u00e1 se bude konat 1.6.2025 v P\u0159ed\u00edn\u011b.<\/p>\n<p>V diskusi byl krom\u011b jin\u00fdch p\u0159\u00edsp\u011bvk\u016f projedn\u00e1n i po\u017eadavek na v\u011bt\u0161\u00ed vybaven\u00ed \u010dlen\u016f a \u010dlenek sboru vych\u00e1zkov\u00fdmi uniformami. Tento po\u017eadavek byl dopln\u011bn do schv\u00e1len\u00e9ho usnesen\u00ed z VVH SDH P\u0159ed\u00edn<\/p>\n<p>Valn\u00e1 hromada byla zakon\u010dena ve\u010de\u0159\u00ed, a pokra\u010dovala volnou z\u00e1bavou p\u0159\u00edtomn\u00fdch. N\u011bkte\u0159\u00ed \u010dlenov\u00e9 z valn\u00e9 hromady odch\u00e1zeli a\u017e po p\u016flnoci, proto\u017ee bylo po\u0159\u00e1d o \u010dem diskutovat a co prob\u00edrat.<\/p>\n<p>Zapsal:<br \/>A. B\u011bhounek, starosta sboru<\/p>\n","protected":false},"excerpt":{"rendered":"<p>Dne 4.1.2025 od 19:00 hodin v\u00a0p\u0159\u00eds\u00e1l\u00ed KD P\u0159ed\u00edn prob\u011bhla v\u00fdro\u010dn\u00ed valn\u00e1 hromada SDH P\u0159ed\u00edn. VVH m\u011bla sice tradi\u010dn\u00ed program, jako je zpr\u00e1va starosty o \u010dinnosti sboru za uplynul\u00fd rok, zpr\u00e1va velitele, hospod\u00e1\u0159e, ale zab\u00fdvala se tak\u00e9 velice d\u016fle\u017eit\u00fdmi a aktu\u00e1ln\u00edmi &hellip; <a href=\"https:\/\/www.sdhpredin.com\/cz\/2025\/01\/13\/vyrocni-valna-hromada-sdh-predin-3\/\">Cel\u00fd p\u0159\u00edsp\u011bvek <span class=\"meta-nav\">&rarr;<\/span><\/a><\/p>\n","protected":false},"author":5,"featured_media":0,"comment_status":"closed","ping_status":"closed","sticky":false,"template":"","format":"standard","meta":{"_monsterinsights_skip_tracking":false,"_monsterinsights_sitenote_active":false,"_monsterinsights_sitenote_note":"","_monsterinsights_sitenote_category":0,"footnotes":""},"categories":[44],"tags":[214,211,210,215,212,159,98,96,213],"_links":{"self":[{"href":"https:\/\/www.sdhpredin.com\/cz\/wp-json\/wp\/v2\/posts\/2991"}],"collection":[{"href":"https:\/\/www.sdhpredin.com\/cz\/wp-json\/wp\/v2\/posts"}],"about":[{"href":"https:\/\/www.sdhpredin.com\/cz\/wp-json\/wp\/v2\/types\/post"}],"author":[{"embeddable":true,"href":"https:\/\/www.sdhpredin.com\/cz\/wp-json\/wp\/v2\/users\/5"}],"replies":[{"embeddable":true,"href":"https:\/\/www.sdhpredin.com\/cz\/wp-json\/wp\/v2\/comments?post=2991"}],"version-history":[{"count":1,"href":"https:\/\/www.sdhpredin.com\/cz\/wp-json\/wp\/v2\/posts\/2991\/revisions"}],"predecessor-version":[{"id":2992,"href":"https:\/\/www.sdhpredin.com\/cz\/wp-json\/wp\/v2\/posts\/2991\/revisions\/2992"}],"wp:attachment":[{"href":"https:\/\/www.sdhpredin.com\/cz\/wp-json\/wp\/v2\/media?parent=2991"}],"wp:term":[{"taxonomy":"category","embeddable":true,"href":"https:\/\/www.sdhpredin.com\/cz\/wp-json\/wp\/v2\/categories?post=2991"},{"taxonomy":"post_tag","embeddable":true,"href":"https:\/\/www.sdhpredin.com\/cz\/wp-json\/wp\/v2\/tags?post=2991"}],"curies":[{"name":"wp","href":"https:\/\/api.w.org\/{rel}","templated":true}]}}